{"id":4,"date":"2024-03-07T14:08:03","date_gmt":"2024-03-07T14:08:03","guid":{"rendered":"https:\/\/carlosfx.com\/?p=4"},"modified":"2024-03-07T14:08:03","modified_gmt":"2024-03-07T14:08:03","slug":"4","status":"publish","type":"post","link":"https:\/\/carlosfx.com\/de\/2024\/03\/4\/","title":{"rendered":"Krankenhaus f\u00fcr ein kleines Dorf"},"content":{"rendered":"<p>Ich habe mich an der Entwurfsplanung, Zeichnung und Visualisierung des kleinen Krankenhauses beteiligt. Die Vorgabe war einen \u00d6ffentlichkeitsbereich zu schaffen ohne Verlust des Tageslichts und einfach zu bel\u00fcften. Die L\u00f6sung ist ein Geb\u00e4ude  mit  doppelter H\u00f6he im Wartesaal, wo die oberste Reihe der Fenster ge\u00f6ffnet werden k\u00f6nnte.<\/p>\n<div id='gallery-1' class='gallery galleryid-4 gallery-columns-4 gallery-size-thumbnail'><figure class='gallery-item'>\r\n\t\t\t<div class='gallery-icon portrait'>\r\n\t\t\t\t<a href='https:\/\/carlosfx.com\/wp-content\/uploads\/2016\/10\/9039353003_d200c72b44_o.jpg'><img loading=\"lazy\" decoding=\"async\" width=\"150\" height=\"150\" src=\"https:\/\/carlosfx.com\/wp-content\/uploads\/2016\/10\/9039353003_d200c72b44_o-150x150.jpg\" class=\"attachment-thumbnail size-thumbnail\" alt=\"\" srcset=\"https:\/\/carlosfx.com\/wp-content\/uploads\/2016\/10\/9039353003_d200c72b44_o-150x150.jpg 150w, https:\/\/carlosfx.com\/wp-content\/uploads\/2016\/10\/9039353003_d200c72b44_o-590x590.jpg 590w\" sizes=\"auto, (max-width: 150px) 100vw, 150px\" \/><\/a>\r\n\t\t\t<\/div><\/figure><figure class='gallery-item'>\r\n\t\t\t<div class='gallery-icon landscape'>\r\n\t\t\t\t<a href='https:\/\/carlosfx.com\/wp-content\/uploads\/2016\/10\/9041617102_eb1c9c7206_o.jpg'><img loading=\"lazy\" decoding=\"async\" width=\"150\" height=\"150\" src=\"https:\/\/carlosfx.com\/wp-content\/uploads\/2016\/10\/9041617102_eb1c9c7206_o-150x150.jpg\" class=\"attachment-thumbnail size-thumbnail\" alt=\"\" srcset=\"https:\/\/carlosfx.com\/wp-content\/uploads\/2016\/10\/9041617102_eb1c9c7206_o-150x150.jpg 150w, https:\/\/carlosfx.com\/wp-content\/uploads\/2016\/10\/9041617102_eb1c9c7206_o-590x590.jpg 590w\" sizes=\"auto, (max-width: 150px) 100vw, 150px\" \/><\/a>\r\n\t\t\t<\/div><\/figure><figure class='gallery-item'>\r\n\t\t\t<div class='gallery-icon portrait'>\r\n\t\t\t\t<a href='https:\/\/carlosfx.com\/wp-content\/uploads\/2016\/10\/9041619712_e99fb51093_o.jpg'><img loading=\"lazy\" decoding=\"async\" width=\"150\" height=\"150\" src=\"https:\/\/carlosfx.com\/wp-content\/uploads\/2016\/10\/9041619712_e99fb51093_o-150x150.jpg\" class=\"attachment-thumbnail size-thumbnail\" alt=\"\" srcset=\"https:\/\/carlosfx.com\/wp-content\/uploads\/2016\/10\/9041619712_e99fb51093_o-150x150.jpg 150w, https:\/\/carlosfx.com\/wp-content\/uploads\/2016\/10\/9041619712_e99fb51093_o-590x590.jpg 590w\" sizes=\"auto, (max-width: 150px) 100vw, 150px\" \/><\/a>\r\n\t\t\t<\/div><\/figure><figure class='gallery-item'>\r\n\t\t\t<div class='gallery-icon landscape'>\r\n\t\t\t\t<a href='https:\/\/carlosfx.com\/wp-content\/uploads\/2016\/10\/9041615538_4b6e1ceaa3_o.jpg'><img loading=\"lazy\" decoding=\"async\" width=\"150\" height=\"150\" src=\"https:\/\/carlosfx.com\/wp-content\/uploads\/2016\/10\/9041615538_4b6e1ceaa3_o-150x150.jpg\" class=\"attachment-thumbnail size-thumbnail\" alt=\"\" srcset=\"https:\/\/carlosfx.com\/wp-content\/uploads\/2016\/10\/9041615538_4b6e1ceaa3_o-150x150.jpg 150w, https:\/\/carlosfx.com\/wp-content\/uploads\/2016\/10\/9041615538_4b6e1ceaa3_o-590x590.jpg 590w\" sizes=\"auto, (max-width: 150px) 100vw, 150px\" \/><\/a>\r\n\t\t\t<\/div><\/figure><\/div>\n\n<p>Projektverantwortliche: <a href=\"https:\/\/www.facebook.com\/FUFARQYCONS\/\" target=\"_blank\" rel=\"noopener\">Arq. Fernando Ugalde<\/a>.<\/p>\n<p>Team: Arq. Carlos F\u00e9lix, <a href=\"https:\/\/mx.linkedin.com\/in\/david-orozco-048a3334\" target=\"_blank\" rel=\"noopener\">Arq. David Orozco Reynoso<\/a>.<\/p>\n","protected":false},"excerpt":{"rendered":"<p>Ich habe mich an der Entwurfsplanung, Zeichnung und Visualisierung des kleinen Krankenhauses beteiligt. Die Vorgabe war einen \u00d6ffentlichkeitsbereich zu schaffen ohne Verlust des Tageslichts und einfach zu bel\u00fcften. Die L\u00f6sung ist ein Geb\u00e4ude mit doppelter H\u00f6he im Wartesaal, wo die oberste Reihe der Fenster ge\u00f6ffnet werden k\u00f6nnte. Projektverantwortliche: Arq. Fernando Ugalde. Team: Arq. Carlos F\u00e9lix, [&hellip;]<\/p>\n","protected":false},"author":1,"featured_media":26,"comment_status":"open","ping_status":"open","sticky":false,"template":"","format":"image","meta":{"footnotes":""},"categories":[4,184,1],"tags":[],"class_list":["post-4","post","type-post","status-publish","format-image","has-post-thumbnail","hentry","category-architecture","category-portfolio","category-uncategorized","post_format-post-format-image"],"_links":{"self":[{"href":"https:\/\/carlosfx.com\/de\/wp-json\/wp\/v2\/posts\/4","targetHints":{"allow":["GET"]}}],"collection":[{"href":"https:\/\/carlosfx.com\/de\/wp-json\/wp\/v2\/posts"}],"about":[{"href":"https:\/\/carlosfx.com\/de\/wp-json\/wp\/v2\/types\/post"}],"author":[{"embeddable":true,"href":"https:\/\/carlosfx.com\/de\/wp-json\/wp\/v2\/users\/1"}],"replies":[{"embeddable":true,"href":"https:\/\/carlosfx.com\/de\/wp-json\/wp\/v2\/comments?post=4"}],"version-history":[{"count":12,"href":"https:\/\/carlosfx.com\/de\/wp-json\/wp\/v2\/posts\/4\/revisions"}],"predecessor-version":[{"id":1926,"href":"https:\/\/carlosfx.com\/de\/wp-json\/wp\/v2\/posts\/4\/revisions\/1926"}],"wp:featuredmedia":[{"embeddable":true,"href":"https:\/\/carlosfx.com\/de\/wp-json\/wp\/v2\/media\/26"}],"wp:attachment":[{"href":"https:\/\/carlosfx.com\/de\/wp-json\/wp\/v2\/media?parent=4"}],"wp:term":[{"taxonomy":"category","embeddable":true,"href":"https:\/\/carlosfx.com\/de\/wp-json\/wp\/v2\/categories?post=4"},{"taxonomy":"post_tag","embeddable":true,"href":"https:\/\/carlosfx.com\/de\/wp-json\/wp\/v2\/tags?post=4"}],"curies":[{"name":"wp","href":"https:\/\/api.w.org\/{rel}","templated":true}]}}